{"id":29362,"date":"2025-10-31T11:49:50","date_gmt":"2025-10-31T11:49:50","guid":{"rendered":"https:\/\/affinitypro.io\/?p=29362"},"modified":"2025-11-02T05:08:47","modified_gmt":"2025-11-02T05:08:47","slug":"vision-mision-construir-marca","status":"publish","type":"post","link":"https:\/\/affinitypro.io\/es\/blog\/vision-mision-construir-marca\/","title":{"rendered":"Alinea tu visi\u00f3n, misi\u00f3n y valores para fortalecer la percepci\u00f3n de marca"},"content":{"rendered":"\t\t<div data-elementor-type=\"wp-post\" data-elementor-id=\"29362\" class=\"elementor elementor-29362\" data-elementor-post-type=\"post\">\n\t\t\t\t\t\t<section class=\"elementor-section elementor-top-section elementor-element elementor-element-6e962b06 elementor-section-boxed elementor-section-height-default elementor-section-height-default\" data-id=\"6e962b06\" data-element_type=\"section\">\n\t\t\t\t\t\t<div class=\"elementor-container elementor-column-gap-default\">\n\t\t\t\t\t<div class=\"elementor-column elementor-col-100 elementor-top-column elementor-element elementor-element-27bb5df3\" data-id=\"27bb5df3\" data-element_type=\"column\">\n\t\t\t<div class=\"elementor-widget-wrap elementor-element-populated\">\n\t\t\t\t\t\t<div class=\"elementor-element elementor-element-85527bc elementor-widget elementor-widget-text-editor\" data-id=\"85527bc\" data-element_type=\"widget\" data-widget_type=\"text-editor.default\">\n\t\t\t\t<div class=\"elementor-widget-container\">\n\t\t\t\t\t\t\t\t\t<h2 class=\"elementor-heading-title elementor-size-default\">Toma las riendas de la narrativa de tu marca.<\/h2>\t\t\t\t\t\t\t\t<\/div>\n\t\t\t\t<\/div>\n\t\t\t\t<div class=\"elementor-element elementor-element-b4f5117 elementor-widget elementor-widget-text-editor\" data-id=\"b4f5117\" data-element_type=\"widget\" data-widget_type=\"text-editor.default\">\n\t\t\t\t<div class=\"elementor-widget-container\">\n\t\t\t\t\t\t\t\t\t<p>Cada acci\u00f3n, cada mensaje y cada aparici\u00f3n en medios contribuye a construir o distorsionar la percepci\u00f3n de marca.<br \/>Si t\u00fa no tomas las riendas de tu narrativa,\u00a0<strong>otros lo har\u00e1n por ti.<\/strong><\/p><p>Antiguamente, la percepci\u00f3n de una marca era f\u00e1cilmente controlable a trav\u00e9s de una buena gesti\u00f3n de la comunicaci\u00f3n. Una relaci\u00f3n s\u00f3lida con los medios ayudaba bastante a mantener ese control.<\/p><p>Hoy, sin embargo, cada persona es un comunicador: desde las redes sociales hasta las rese\u00f1as o plataformas como Trustpilot, cualquier opini\u00f3n puede influir en la reputaci\u00f3n de una marca. La narrativa ya no se controla, se debe gestionar activamente y sin una estrategia vamos como pollo sin cabeza.\u00a0<\/p>\t\t\t\t\t\t\t\t<\/div>\n\t\t\t\t<\/div>\n\t\t\t\t<div class=\"elementor-element elementor-element-cf93ce8 elementor-widget elementor-widget-text-editor\" data-id=\"cf93ce8\" data-element_type=\"widget\" data-widget_type=\"text-editor.default\">\n\t\t\t\t<div class=\"elementor-widget-container\">\n\t\t\t\t\t\t\t\t\t<h2 class=\"elementor-heading-title elementor-size-default\">Empieza por el principio. Visi\u00f3n, Misi\u00f3n y valores<\/h2>\t\t\t\t\t\t\t\t<\/div>\n\t\t\t\t<\/div>\n\t\t\t\t<div class=\"elementor-element elementor-element-1cbd768 elementor-widget elementor-widget-text-editor\" data-id=\"1cbd768\" data-element_type=\"widget\" data-widget_type=\"text-editor.default\">\n\t\t\t\t<div class=\"elementor-widget-container\">\n\t\t\t\t\t\t\t\t\t<p>Tener clara tu visi\u00f3n, misi\u00f3n y valores no es un tr\u00e1mite corporativo. Es lo que te permite alinear discurso, estrategia y credibilidad en todos los canales desde tus campa\u00f1as de PR hasta tus acciones de marketing o SEO.<\/p><p>Este proceso es el punto de partida para construir marcas con prop\u00f3sito, coherencia y autoridad real.<\/p>\t\t\t\t\t\t\t\t<\/div>\n\t\t\t\t<\/div>\n\t\t\t\t<div class=\"elementor-element elementor-element-a62d99f elementor-widget elementor-widget-text-editor\" data-id=\"a62d99f\" data-element_type=\"widget\" data-widget_type=\"text-editor.default\">\n\t\t\t\t<div class=\"elementor-widget-container\">\n\t\t\t\t\t\t\t\t\t<h3 class=\"elementor-heading-title elementor-size-default\">1. La misi\u00f3n: el porqu\u00e9 de tu existencia<\/h3>\t\t\t\t\t\t\t\t<\/div>\n\t\t\t\t<\/div>\n\t\t\t\t<div class=\"elementor-element elementor-element-05a3b65 elementor-widget elementor-widget-text-editor\" data-id=\"05a3b65\" data-element_type=\"widget\" data-widget_type=\"text-editor.default\">\n\t\t\t\t<div class=\"elementor-widget-container\">\n\t\t\t\t\t\t\t\t\t<p>Tu misi\u00f3n explica el motivo por el que tu empresa existe y el valor que aporta a sus clientes o a la sociedad.<br \/>No es una frase bonita: es la gu\u00eda que conecta tu d\u00eda a d\u00eda con el impacto que quieres generar.<\/p><p><strong><img decoding=\"async\" class=\"emoji\" role=\"img\" draggable=\"false\" src=\"https:\/\/s.w.org\/images\/core\/emoji\/16.0.1\/svg\/1f4a1.svg\" alt=\"\ud83d\udca1\" \/> Misi\u00f3n de Affinity Pro:<\/strong><br \/>Ayudamos a las marcas a entender c\u00f3mo son percibidas y a comunicar el mensaje correcto, en los medios y entornos donde importa, combinando inteligencia artificial y estrategia para construir verdadera autoridad<\/p>\t\t\t\t\t\t\t\t<\/div>\n\t\t\t\t<\/div>\n\t\t\t\t<div class=\"elementor-element elementor-element-9546361 elementor-widget elementor-widget-text-editor\" data-id=\"9546361\" data-element_type=\"widget\" data-widget_type=\"text-editor.default\">\n\t\t\t\t<div class=\"elementor-widget-container\">\n\t\t\t\t\t\t\t\t\t<h4 class=\"elementor-heading-title elementor-size-default\">\u00bfQu\u00e9 es la misi\u00f3n de una empresa?<\/h4>\t\t\t\t\t\t\t\t<\/div>\n\t\t\t\t<\/div>\n\t\t\t\t<div class=\"elementor-element elementor-element-eda57b4 elementor-widget elementor-widget-text-editor\" data-id=\"eda57b4\" data-element_type=\"widget\" data-widget_type=\"text-editor.default\">\n\t\t\t\t<div class=\"elementor-widget-container\">\n\t\t\t\t\t\t\t\t\t<p>La misi\u00f3n de una empresa define el prop\u00f3sito esencial de una empresa lo que hace, por qu\u00e9 lo hace y el valor que genera. Es la referencia para la toma de decisiones, la cultura interna y la direcci\u00f3n estrat\u00e9gica.<\/p><p><strong>C\u00f3mo definirla:<\/strong><\/p><ul><li>Explica qu\u00e9 hace tu empresa (productos o servicios).<\/li><li>Identifica a qui\u00e9n sirve.<\/li><li>Resalta por qu\u00e9 importa y qu\u00e9 valor crea.<\/li><li>S\u00e9 claro y espec\u00edfico; evita frases gen\u00e9ricas o vac\u00edas.<\/li><\/ul><p>\u00a0<\/p><p><strong>Ejemplos puramente ilustrativos:<\/strong><\/p><ul><li><p data-start=\"92\" data-end=\"520\"><strong data-start=\"92\" data-end=\"106\">Microsoft:<\/strong><br data-start=\"106\" data-end=\"109\" \/>Empoderar a cada persona y organizaci\u00f3n para que logren m\u00e1s. Microsoft refleja su compromiso con la tecnolog\u00eda como herramienta de progreso humano y empresarial. No se centra solo en el software, sino en brindar a las personas y a las organizaciones las herramientas digitales necesarias para alcanzar su m\u00e1ximo potencial, impulsar la innovaci\u00f3n y mejorar la productividad en todos los \u00e1mbitos de la sociedad.<\/p><hr data-start=\"522\" data-end=\"525\" \/><p data-start=\"527\" data-end=\"952\"><strong data-start=\"527\" data-end=\"540\">LinkedIn:<\/strong><br data-start=\"540\" data-end=\"543\" \/>Ser el motor global del crecimiento profesional. LinkedIn busca conectar a profesionales de todo el mundo para que puedan desarrollarse, aprender y acceder a nuevas oportunidades laborales. Su misi\u00f3n va m\u00e1s all\u00e1 de ser una red social: aspira a ser la plataforma que impulsa el crecimiento econ\u00f3mico y profesional a escala global, facilitando la conexi\u00f3n entre talento y empresas, conocimiento y oportunidad.<\/p><hr data-start=\"954\" data-end=\"957\" \/><p data-start=\"959\" data-end=\"1405\" data-is-last-node=\"\" data-is-only-node=\"\"><strong data-start=\"959\" data-end=\"968\">IKEA:<\/strong><br data-start=\"968\" data-end=\"971\" \/>Crear una vida cotidiana mejor para la mayor\u00eda de las personas. IKEA centra su prop\u00f3sito en la accesibilidad y la mejora del bienestar cotidiano. Su misi\u00f3n no se limita a vender muebles, sino a ofrecer soluciones funcionales, bien dise\u00f1adas y asequibles que transformen los hogares en espacios m\u00e1s c\u00f3modos, sostenibles y felices. Busca democratizar el dise\u00f1o y hacer que una vida mejor sea posible para todos, no solo para unos pocos.<\/p><\/li><\/ul>\t\t\t\t\t\t\t\t<\/div>\n\t\t\t\t<\/div>\n\t\t\t\t<div class=\"elementor-element elementor-element-a8edfae elementor-widget elementor-widget-text-editor\" data-id=\"a8edfae\" data-element_type=\"widget\" data-widget_type=\"text-editor.default\">\n\t\t\t\t<div class=\"elementor-widget-container\">\n\t\t\t\t\t\t\t\t\t<h3 class=\"elementor-heading-title elementor-size-default\">2. La visi\u00f3n: el futuro que quieres construir<\/h3>\t\t\t\t\t\t\t\t<\/div>\n\t\t\t\t<\/div>\n\t\t\t\t<div class=\"elementor-element elementor-element-5c3d001 elementor-widget elementor-widget-text-editor\" data-id=\"5c3d001\" data-element_type=\"widget\" data-widget_type=\"text-editor.default\">\n\t\t\t\t<div class=\"elementor-widget-container\">\n\t\t\t\t\t\t\t\t\t<p>La visi\u00f3n describe el destino, la ambici\u00f3n a largo plazo.<br>Mientras la misi\u00f3n habla del presente, la visi\u00f3n define d\u00f3nde quieres estar y qu\u00e9 cambio quieres impulsar.<\/p>\n<p><strong><img decoding=\"async\" class=\"emoji\" role=\"img\" draggable=\"false\" src=\"https:\/\/s.w.org\/images\/core\/emoji\/16.0.1\/svg\/1f4a1.svg\" alt=\"\ud83d\udca1\"> Visi\u00f3n de Affinity Pro:<\/strong><br>Ser la plataforma que redefine c\u00f3mo las marcas construyen autoridad y confianza en la era de la inteligencia artificial, integrando estrategia y relaciones reales para conectar lo que una marca es con c\u00f3mo el mundo la percibe.<\/p>\t\t\t\t\t\t\t\t<\/div>\n\t\t\t\t<\/div>\n\t\t\t\t<div class=\"elementor-element elementor-element-ba9bfa6 elementor-widget elementor-widget-text-editor\" data-id=\"ba9bfa6\" data-element_type=\"widget\" data-widget_type=\"text-editor.default\">\n\t\t\t\t<div class=\"elementor-widget-container\">\n\t\t\t\t\t\t\t\t\t<h4 class=\"elementor-heading-title elementor-size-default\">\u00bfQu\u00e9 es la visi\u00f3n de una empresa?<\/h4>\t\t\t\t\t\t\t\t<\/div>\n\t\t\t\t<\/div>\n\t\t\t\t<div class=\"elementor-element elementor-element-0ecb57b elementor-widget elementor-widget-text-editor\" data-id=\"0ecb57b\" data-element_type=\"widget\" data-widget_type=\"text-editor.default\">\n\t\t\t\t<div class=\"elementor-widget-container\">\n\t\t\t\t\t\t\t\t\t<p>Una visi\u00f3n define la aspiraci\u00f3n de futuro de la empresa: el impacto que quiere tener y el legado que busca dejar.<br \/>Debe inspirar tanto al equipo como a los stakeholders, alineando esfuerzos hacia un mismo prop\u00f3sito.<\/p><p><strong>C\u00f3mo definirla:<\/strong><\/p><ul><li>Imagina el futuro que quieres construir.<\/li><li>S\u00e9 ambicioso, pero cre\u00edble.<\/li><li>Conecta con la emoci\u00f3n y la transformaci\u00f3n que persigues.<\/li><li>Usa un lenguaje inspirador y directo.<\/li><\/ul><p><strong>Ejemplos puramente ilustrativos:<\/strong><\/p><p data-start=\"154\" data-end=\"593\"><strong data-start=\"154\" data-end=\"168\">Microsoft:<\/strong><br data-start=\"168\" data-end=\"171\" \/>Ser la empresa que empodera a cada persona y organizaci\u00f3n para lograr m\u00e1s. La visi\u00f3n de Microsoft se centra en un futuro donde la tecnolog\u00eda sea un catalizador del progreso humano. Aspira a construir un mundo en el que la innovaci\u00f3n digital permita resolver grandes desaf\u00edos globales, mejorar la calidad de vida y ofrecer igualdad de oportunidades a trav\u00e9s del acceso a herramientas inteligentes y accesibles para todos.<\/p><hr data-start=\"595\" data-end=\"598\" \/><p data-start=\"600\" data-end=\"1005\"><strong data-start=\"600\" data-end=\"613\">LinkedIn:<\/strong><br data-start=\"613\" data-end=\"616\" \/>Ser el motor global del crecimiento profesional. La visi\u00f3n de LinkedIn es convertirse en la plataforma que impulsa el desarrollo profesional y econ\u00f3mico en todo el mundo. Su objetivo es crear un entorno donde cada persona pueda conectar con las oportunidades adecuadas, aprender nuevas habilidades y avanzar en su carrera, contribuyendo al progreso colectivo de empresas y profesionales.<\/p><hr data-start=\"1007\" data-end=\"1010\" \/><p data-start=\"1012\" data-end=\"1436\" data-is-last-node=\"\" data-is-only-node=\"\"><strong data-start=\"1012\" data-end=\"1021\">IKEA:<\/strong><br data-start=\"1021\" data-end=\"1024\" \/>Crear una vida cotidiana mejor para la mayor\u00eda de las personas. La visi\u00f3n de IKEA mira hacia un futuro donde el dise\u00f1o, la funcionalidad y la sostenibilidad sean accesibles para todos. Busca inspirar y facilitar una vida m\u00e1s c\u00f3moda, pr\u00e1ctica y responsable con el entorno, ofreciendo soluciones que ayuden a las personas a disfrutar de un hogar mejor sin renunciar a la asequibilidad ni al respeto por el planeta.<\/p>\t\t\t\t\t\t\t\t<\/div>\n\t\t\t\t<\/div>\n\t\t\t\t<div class=\"elementor-element elementor-element-0cc78f0 elementor-widget elementor-widget-text-editor\" data-id=\"0cc78f0\" data-element_type=\"widget\" data-widget_type=\"text-editor.default\">\n\t\t\t\t<div class=\"elementor-widget-container\">\n\t\t\t\t\t\t\t\t\t<h3 class=\"elementor-heading-title elementor-size-default\">3. Los valores: c\u00f3mo trabajas y en qu\u00e9 crees<\/h3>\t\t\t\t\t\t\t\t<\/div>\n\t\t\t\t<\/div>\n\t\t\t\t<div class=\"elementor-element elementor-element-51f2a70 elementor-widget elementor-widget-text-editor\" data-id=\"51f2a70\" data-element_type=\"widget\" data-widget_type=\"text-editor.default\">\n\t\t\t\t<div class=\"elementor-widget-container\">\n\t\t\t\t\t\t\t\t\t<p data-start=\"504\" data-end=\"709\">Si la misi\u00f3n define de algun modo, la raz\u00f3n de ser y la visi\u00f3n marca el destino, los <strong data-start=\"571\" data-end=\"582\">valores<\/strong> representan qu\u00e9 quieres transmitr en ese camino: los principios que gu\u00edan c\u00f3mo act\u00faas, decides y te relacionas con tu equipo, tus clientes y tu entorno.<br \/>OJO que lo de \u00abC\u00f3mo actuas\u00bb es importante. Muchas veces encontramos compa\u00f1\u00edas que los valores que tienen sobre el papel, no tienen nada que ver con su comportamiento o lo que transmiten. No se puede tener en sus valores \u00abSostenibilidad\u00bb si contaminas como el que m\u00e1s.\u00a0<\/p><p data-start=\"711\" data-end=\"886\">No son frases bonitas colgadas en una pared, ni palabras vac\u00edas. sino <strong data-start=\"761\" data-end=\"789\">comportamientos visibles<\/strong> que marcan la diferencia entre una empresa que predica y otra que realmente construye confianza.<\/p><p data-start=\"888\" data-end=\"1075\">Los valores son el marco \u00e9tico y operativo que da coherencia a tu narrativa.<\/p><p><strong>Valores Affinity PRo:<br \/><\/strong>Innovaci\u00f3n, Tecnolog\u00eda, Veracidad, Autoridad, Autenticidad, Eficiencia, Humanidad<\/p>\t\t\t\t\t\t\t\t<\/div>\n\t\t\t\t<\/div>\n\t\t\t\t<div class=\"elementor-element elementor-element-a3119c8 elementor-widget elementor-widget-text-editor\" data-id=\"a3119c8\" data-element_type=\"widget\" data-widget_type=\"text-editor.default\">\n\t\t\t\t<div class=\"elementor-widget-container\">\n\t\t\t\t\t\t\t\t\t<h2 class=\"elementor-heading-title elementor-size-default\">Percepci\u00f3n de marca: c\u00f3mo quieres que te vean\/sientan<\/h2>\t\t\t\t\t\t\t\t<\/div>\n\t\t\t\t<\/div>\n\t\t\t\t<div class=\"elementor-element elementor-element-a526bec elementor-widget elementor-widget-text-editor\" data-id=\"a526bec\" data-element_type=\"widget\" data-widget_type=\"text-editor.default\">\n\t\t\t\t<div class=\"elementor-widget-container\">\n\t\t\t\t\t\t\t\t\t<p>Aunque en los est\u00e1ndares empresariales con la misi\u00f3n, visi\u00f3n y valores es m\u00f1as que suficiente, en Affinity PRo hemos incorporado un concepto para poder analizar la percepci\u00f3n de tu marca. Se trata de los objetivos de percepci\u00f3n para un pa\u00eds concreto.\u00a0<\/p><p>Mientras que la visi\u00f3n, misi\u00f3n y valores de una empresa, no suelen cambiar seg\u00fan el pa\u00eds al que se dirijan, el objetivo de percepci\u00f3n, puede ser diferente en cada pa\u00eds dependiendo del perfil de cliente objetivo.\u00a0<br \/>Habr\u00e1 pa\u00edses donde puedes querer ser percibido como una marca Asequible, en otros tu objetivo podr\u00eda ser que sea percibida como una marca que respeta la privacidad. Aqu\u00ed la cultura del pa\u00eds al que te diriges y las caracter\u00edsticas de tus potenciales clientes, ser\u00e1n clave.\u00a0<br \/><strong>No se trata de lo que dices de ti,<\/strong>\u00a0sino de lo que los dem\u00e1s entienden y sienten.<\/p><p><strong><img decoding=\"async\" class=\"emoji\" role=\"img\" draggable=\"false\" src=\"https:\/\/s.w.org\/images\/core\/emoji\/16.0.1\/svg\/1f4a1.svg\" alt=\"\ud83d\udca1\" \/>\u00a0Ejemplo \u2013 Percepci\u00f3n de marca (Affinity Pro para Estados Unidos):<\/strong><br data-start=\"65\" data-end=\"68\" \/>Queremos posicionarnos para t\u00e9rminos relacionados con herramientas de pr digital, herramientas de link building, herramientas de relaciones con medios, herramientas de branding, y para t\u00e9rminos relacionados con herramientas de Pr digital, Branding, Reputaci\u00f3n de marca y Link building. Relaciones publicas digitales, Branding, Reputaci\u00f3n de marca, autoridad de marca.<\/p><p><strong>C\u00f3mo definir la percepci\u00f3n de marca para un pa\u00eds espec\u00edfico<\/strong><br \/>Es una frase clara, breve y estrat\u00e9gica, que resuma c\u00f3mo quieres que tu marca sea percibida en ese pa\u00eds. La percepci\u00f3n no se improvisa: debe ser una extensi\u00f3n natural de tu misi\u00f3n, visi\u00f3n y valores, adaptada al contexto local.<\/p><ul><li>Piensa c\u00f3mo querr\u00edas que te describiera un medio o cliente local.<\/li><li>Explica qu\u00e9 haces, c\u00f3mo lo haces y qu\u00e9 sensaciones quieres transmitir.<\/li><li>Adapta el tono a la cultura del mercado.<\/li><li>S\u00e9 espec\u00edfico: evita \u201csomos confiables\u201d y explica por qu\u00e9 deber\u00edan confiar en ti.<\/li><\/ul>\t\t\t\t\t\t\t\t<\/div>\n\t\t\t\t<\/div>\n\t\t\t\t<div class=\"elementor-element elementor-element-7566da9 elementor-widget elementor-widget-image\" data-id=\"7566da9\" data-element_type=\"widget\" data-widget_type=\"image.default\">\n\t\t\t\t<div class=\"elementor-widget-container\">\n\t\t\t\t\t\t\t\t\t\t\t\t<figure class=\"wp-caption\">\n\t\t\t\t\t\t\t\t\t\t<img fetchpriority=\"high\" decoding=\"async\" width=\"1024\" height=\"543\" src=\"https:\/\/affinitypro.io\/wp-content\/uploads\/2025\/10\/v-cap-1024x543.png\" class=\"attachment-large size-large wp-image-29377\" alt=\"\" srcset=\"https:\/\/affinitypro.io\/wp-content\/uploads\/2025\/10\/v-cap-1024x543.png 1024w, https:\/\/affinitypro.io\/wp-content\/uploads\/2025\/10\/v-cap-300x159.png 300w, https:\/\/affinitypro.io\/wp-content\/uploads\/2025\/10\/v-cap-768x407.png 768w, https:\/\/affinitypro.io\/wp-content\/uploads\/2025\/10\/v-cap.png 1303w\" sizes=\"(max-width: 1024px) 100vw, 1024px\" \/>\t\t\t\t\t\t\t\t\t\t\t<figcaption class=\"widget-image-caption wp-caption-text\">Ejemplo an\u00e1lisis de percepci\u00f3n de marca de una conocida marca de coches realizada con Affinity PRo <\/figcaption>\n\t\t\t\t\t\t\t\t\t\t<\/figure>\n\t\t\t\t\t\t\t\t\t<\/div>\n\t\t\t\t<\/div>\n\t\t\t\t<div class=\"elementor-element elementor-element-7467753 elementor-widget elementor-widget-text-editor\" data-id=\"7467753\" data-element_type=\"widget\" data-widget_type=\"text-editor.default\">\n\t\t\t\t<div class=\"elementor-widget-container\">\n\t\t\t\t\t\t\t\t\t<h2 class=\"elementor-heading-title elementor-size-default\">Conclusi\u00f3n:<\/h2>\t\t\t\t\t\t\t\t<\/div>\n\t\t\t\t<\/div>\n\t\t\t\t<div class=\"elementor-element elementor-element-ae207bd elementor-widget elementor-widget-text-editor\" data-id=\"ae207bd\" data-element_type=\"widget\" data-widget_type=\"text-editor.default\">\n\t\t\t\t<div class=\"elementor-widget-container\">\n\t\t\t\t\t\t\t\t\t<p>Definir tu misi\u00f3n, visi\u00f3n, valores y percepci\u00f3n de marca no es un ejercicio te\u00f3rico.<br data-start=\"3654\" data-end=\"3657\" \/>Es la base para construir una narrativa coherente, cre\u00edble y sostenible<\/p><p>En cada art\u00edculo, publicaci\u00f3n en redes, estrategias de PR digital, entrevista, Podcast, v\u00eddeos en Youtube, o aparici\u00f3n de la marca y de las personas que se encuentran detr\u00e1s de ella (CEO, directivos o empleados) debe tomarse como pilar principal para que el mensaje siempre est\u00e9 alineado con lo que queremos transmitir.\u00a0<\/p><p>Una marca que no tiene esto claro puede sonar bien, pero no genera confianza y sobre todo, termina difuminando su mensaje en la mente de su p\u00fablico.<br \/>Una que s\u00ed lo tiene y ejecuta la estrategia con coherencia, transmite solidez, prop\u00f3sito y direcci\u00f3n los pilares sobre los que se construye la autoridad tem\u00e1tica para convertirse en l\u00edder de su sector y estar en el \u201cTop of mind\u201d de su p\u00fablico objetivo.\u00a0<\/p><p>En Affinity Pro, hemos incorporado estos indicadores en la configuraci\u00f3n de cada proyecto para poder analizar como se percibe tu marca y as\u00ed poder encontrar disonancias entre el mensaje que quieres emitir y lo que se est\u00e1 percibiendo tanto en Google, como en Chat GPT y en los contenidos que ya hablan de tu marca en Internet. Con todo esto, la herramienta es capaz de definir estrategias de contenidos estructurados por clusters tem\u00e1ticos, definir estrategias de Pr digital e incluso buscar en Internet, medios afines a tu tem\u00e1tica para que consigas colaboraciones que mejoren la percepci\u00f3n y reputaci\u00f3n de tu marca.\u00a0<br \/>Ya disponible en todas\u00a0<a href=\"https:\/\/affinitypro.io\/es\/precios\/\">nuestras licencias \u201cBrain\u201d<\/a>\u00a0<\/p>\t\t\t\t\t\t\t\t<\/div>\n\t\t\t\t<\/div>\n\t\t\t\t\t<\/div>\n\t\t<\/div>\n\t\t\t\t\t<\/div>\n\t\t<\/section>\n\t\t\t\t<\/div>\n\t\t","protected":false},"excerpt":{"rendered":"<p>Cuando hay cambios sustanciales en las tecnolog\u00c3\u00adas y formas de localizar informaci\u00c3\u00b3n en Internet, todo el mundo se empe\u00c3\u00b1a en cambiarle el nombre. <\/p>\n","protected":false},"author":4,"featured_media":29421,"comment_status":"open","ping_status":"open","sticky":false,"template":"","format":"standard","meta":{"inline_featured_image":false,"footnotes":""},"categories":[123],"tags":[],"class_list":["post-29362","post","type-post","status-publish","format-standard","has-post-thumbnail","hentry","category-blog"],"yoast_head":"<!-- This site is optimized with the Yoast SEO plugin v26.2 - https:\/\/yoast.com\/wordpress\/plugins\/seo\/ -->\n<title>Definir visi\u00f3n, misi\u00f3n y valores para construir una marca - Affinity PRo<\/title>\n<meta name=\"description\" content=\"Toma las riendas de la narrativa de tu marca.Cada acci\u00f3n, cada mensaje y cada aparici\u00f3n en medios contribuye a construir o distorsionar la percepci\u00f3n de marca.Si t\u00fa no tomas las riendas de tu narrativa, otros lo har\u00e1n por ti.\" \/>\n<meta name=\"robots\" content=\"index, follow, max-snippet:-1, max-image-preview:large, max-video-preview:-1\" \/>\n<link rel=\"canonical\" href=\"https:\/\/affinitypro.io\/es\/blog\/vision-mision-construir-marca\/\" \/>\n<meta property=\"og:locale\" content=\"es_ES\" \/>\n<meta property=\"og:type\" content=\"article\" \/>\n<meta property=\"og:title\" content=\"Definir visi\u00f3n, misi\u00f3n y valores para construir una marca - Affinity PRo\" \/>\n<meta property=\"og:description\" content=\"Toma las riendas de la narrativa de tu marca.Cada acci\u00f3n, cada mensaje y cada aparici\u00f3n en medios contribuye a construir o distorsionar la percepci\u00f3n de marca.Si t\u00fa no tomas las riendas de tu narrativa, otros lo har\u00e1n por ti.\" \/>\n<meta property=\"og:url\" content=\"https:\/\/affinitypro.io\/es\/blog\/vision-mision-construir-marca\/\" \/>\n<meta property=\"og:site_name\" content=\"Affinity PRo\" \/>\n<meta property=\"article:published_time\" content=\"2025-10-31T11:49:50+00:00\" \/>\n<meta property=\"article:modified_time\" content=\"2025-11-02T05:08:47+00:00\" \/>\n<meta property=\"og:image\" content=\"https:\/\/affinitypro.io\/wp-content\/uploads\/2025\/10\/perceptionbrand.png\" \/>\n\t<meta property=\"og:image:width\" content=\"1024\" \/>\n\t<meta property=\"og:image:height\" content=\"1024\" \/>\n\t<meta property=\"og:image:type\" content=\"image\/png\" \/>\n<meta name=\"author\" content=\"Sico De Andr\u00e9s\" \/>\n<meta name=\"twitter:card\" content=\"summary_large_image\" \/>\n<meta name=\"twitter:creator\" content=\"@sicodeandres\" \/>\n<meta name=\"twitter:label1\" content=\"Escrito por\" \/>\n\t<meta name=\"twitter:data1\" content=\"Sico De Andr\u00e9s\" \/>\n\t<meta name=\"twitter:label2\" content=\"Tiempo de lectura\" \/>\n\t<meta name=\"twitter:data2\" content=\"9 minutos\" \/>\n<script type=\"application\/ld+json\" class=\"yoast-schema-graph\">{\"@context\":\"https:\/\/schema.org\",\"@graph\":[{\"@type\":\"Article\",\"@id\":\"https:\/\/affinitypro.io\/es\/blog\/vision-mision-construir-marca\/#article\",\"isPartOf\":{\"@id\":\"https:\/\/affinitypro.io\/es\/blog\/vision-mision-construir-marca\/\"},\"author\":{\"name\":\"Sico De Andr\u00e9s\",\"@id\":\"https:\/\/affinitypro.io\/#\/schema\/person\/7e9acf55fed915b93ffc3134162fbf57\"},\"headline\":\"Alinea tu visi\u00f3n, misi\u00f3n y valores para fortalecer la percepci\u00f3n de marca\",\"datePublished\":\"2025-10-31T11:49:50+00:00\",\"dateModified\":\"2025-11-02T05:08:47+00:00\",\"mainEntityOfPage\":{\"@id\":\"https:\/\/affinitypro.io\/es\/blog\/vision-mision-construir-marca\/\"},\"wordCount\":1793,\"commentCount\":0,\"publisher\":{\"@id\":\"https:\/\/affinitypro.io\/#organization\"},\"image\":{\"@id\":\"https:\/\/affinitypro.io\/es\/blog\/vision-mision-construir-marca\/#primaryimage\"},\"thumbnailUrl\":\"https:\/\/affinitypro.io\/wp-content\/uploads\/2025\/10\/perceptionbrand.png\",\"articleSection\":[\"Blog\"],\"inLanguage\":\"es\",\"potentialAction\":[{\"@type\":\"CommentAction\",\"name\":\"Comment\",\"target\":[\"https:\/\/affinitypro.io\/es\/blog\/vision-mision-construir-marca\/#respond\"]}]},{\"@type\":\"WebPage\",\"@id\":\"https:\/\/affinitypro.io\/es\/blog\/vision-mision-construir-marca\/\",\"url\":\"https:\/\/affinitypro.io\/es\/blog\/vision-mision-construir-marca\/\",\"name\":\"Definir visi\u00f3n, misi\u00f3n y valores para construir una marca - Affinity PRo\",\"isPartOf\":{\"@id\":\"https:\/\/affinitypro.io\/#website\"},\"primaryImageOfPage\":{\"@id\":\"https:\/\/affinitypro.io\/es\/blog\/vision-mision-construir-marca\/#primaryimage\"},\"image\":{\"@id\":\"https:\/\/affinitypro.io\/es\/blog\/vision-mision-construir-marca\/#primaryimage\"},\"thumbnailUrl\":\"https:\/\/affinitypro.io\/wp-content\/uploads\/2025\/10\/perceptionbrand.png\",\"datePublished\":\"2025-10-31T11:49:50+00:00\",\"dateModified\":\"2025-11-02T05:08:47+00:00\",\"description\":\"Toma las riendas de la narrativa de tu marca.Cada acci\u00f3n, cada mensaje y cada aparici\u00f3n en medios contribuye a construir o distorsionar la percepci\u00f3n de marca.Si t\u00fa no tomas las riendas de tu narrativa, otros lo har\u00e1n por ti.\",\"breadcrumb\":{\"@id\":\"https:\/\/affinitypro.io\/es\/blog\/vision-mision-construir-marca\/#breadcrumb\"},\"inLanguage\":\"es\",\"potentialAction\":[{\"@type\":\"ReadAction\",\"target\":[\"https:\/\/affinitypro.io\/es\/blog\/vision-mision-construir-marca\/\"]}]},{\"@type\":\"ImageObject\",\"inLanguage\":\"es\",\"@id\":\"https:\/\/affinitypro.io\/es\/blog\/vision-mision-construir-marca\/#primaryimage\",\"url\":\"https:\/\/affinitypro.io\/wp-content\/uploads\/2025\/10\/perceptionbrand.png\",\"contentUrl\":\"https:\/\/affinitypro.io\/wp-content\/uploads\/2025\/10\/perceptionbrand.png\",\"width\":1024,\"height\":1024},{\"@type\":\"BreadcrumbList\",\"@id\":\"https:\/\/affinitypro.io\/es\/blog\/vision-mision-construir-marca\/#breadcrumb\",\"itemListElement\":[{\"@type\":\"ListItem\",\"position\":1,\"name\":\"Portada\",\"item\":\"https:\/\/affinitypro.io\/es\/\"},{\"@type\":\"ListItem\",\"position\":2,\"name\":\"Alinea tu visi\u00f3n, misi\u00f3n y valores para fortalecer la percepci\u00f3n de marca\"}]},{\"@type\":\"WebSite\",\"@id\":\"https:\/\/affinitypro.io\/#website\",\"url\":\"https:\/\/affinitypro.io\/\",\"name\":\"Affinity PRo\",\"description\":\"Ethical Link Building tool | Digital PR tool - LinkAffinity\",\"publisher\":{\"@id\":\"https:\/\/affinitypro.io\/#organization\"},\"potentialAction\":[{\"@type\":\"SearchAction\",\"target\":{\"@type\":\"EntryPoint\",\"urlTemplate\":\"https:\/\/affinitypro.io\/?s={search_term_string}\"},\"query-input\":{\"@type\":\"PropertyValueSpecification\",\"valueRequired\":true,\"valueName\":\"search_term_string\"}}],\"inLanguage\":\"es\"},{\"@type\":\"Organization\",\"@id\":\"https:\/\/affinitypro.io\/#organization\",\"name\":\"Link Affinity\",\"url\":\"https:\/\/affinitypro.io\/\",\"logo\":{\"@type\":\"ImageObject\",\"inLanguage\":\"es\",\"@id\":\"https:\/\/affinitypro.io\/#\/schema\/logo\/image\/\",\"url\":\"https:\/\/affinitypro.io\/wp-content\/uploads\/2022\/05\/link-affinity-logo-350x100px.png\",\"contentUrl\":\"https:\/\/affinitypro.io\/wp-content\/uploads\/2022\/05\/link-affinity-logo-350x100px.png\",\"width\":350,\"height\":100,\"caption\":\"Link Affinity\"},\"image\":{\"@id\":\"https:\/\/affinitypro.io\/#\/schema\/logo\/image\/\"}},{\"@type\":\"Person\",\"@id\":\"https:\/\/affinitypro.io\/#\/schema\/person\/7e9acf55fed915b93ffc3134162fbf57\",\"name\":\"Sico De Andr\u00e9s\",\"image\":{\"@type\":\"ImageObject\",\"inLanguage\":\"es\",\"@id\":\"https:\/\/affinitypro.io\/#\/schema\/person\/image\/\",\"url\":\"https:\/\/secure.gravatar.com\/avatar\/fa66aacc122e223df27cc3b08b142751711addaad98528d4ed8a3ba2a380d784?s=96&d=mm&r=g\",\"contentUrl\":\"https:\/\/secure.gravatar.com\/avatar\/fa66aacc122e223df27cc3b08b142751711addaad98528d4ed8a3ba2a380d784?s=96&d=mm&r=g\",\"caption\":\"Sico De Andr\u00e9s\"},\"description\":\"Sico de Andr\u00e9s es especialista en SEO desde el a\u00f1o 2002. Trabaja para grandes compa\u00f1\u00edas nacionales e Internacionales. CEO en Affinity PRo (FuSEOnPro Tool). Ponente en pr\u00e1cticamente todos los eventos del sector,\u00a0profesor\u00a0en diferentes masters como\u00a0Kskool,\u00a0Webpositer,\u00a0Ntic,\u00a0Enae,\u00a0IEBS\u00a0entre otras.\u00a0Imparte clases en la Universidad Complutense de Madrid\u00a0para t\u00edtulos propios con\u00a0Ntic Master. Autor del libro\u00a0Quiero que mi empresa salga en Google\u00a0(2009) con m\u00e1s de 10.000 ejemplares vendidos en Espa\u00f1a y Latino Am\u00e9rica. Autor del libro\u00a0\u00abPosicionamiento y reputaci\u00f3n en Google a trav\u00e9s de link building \u00e9tico\u00ab(2022) de la editorial Anaya Creador y organizador del evento\u00a0SEonthebeach\u00a0al que asisten ponentes y asistentes de todo el mundo. Creador y CEO en Affinity PRo. Herramienta que utiliza inteligencia artificial y machine Learning para encontrar sitios afines a un producto o servicio y que facilita incluso permite automatizaci\u00f3n para establecer relaci\u00f3n con dichos medios. Affinity PRo fue galardonada en el a\u00f1o 2022 de forma global como mejor herramienta de Pr digital. Creador\u00a0Expertomy.com. Herramienta que pone en contacto a creadores de contenidos con fuentes expertas para mejorar la calidad de estos y aportar veracidad de cara a su p\u00fablico y a Google. ____________ ENG Sico de Andr\u00e9s has been an SEO specialist since 2002. He works for large national and international companies. CEO at Affinity PRo (FuSEOnPro Tool). Speaker at practically all of the major events in the SEO sector, teacher in different masters like Kskool, Webpositer, Ntic, Enae, IEBS among others. He teaches at the Complutense University of Madrid for his own degrees with Ntic Master. Author of the book Quiero que mi empresa salga en Google (2009) with more than 10,000 copies sold in Spain and Latin America. Author of the book \u201cPosicionamiento y reputaci\u00f3n en Google a trav\u00e9s de link building \u00e9tico\u201d (2022) published by Anaya. Creator and organiser of the SEonthebeach event attended by speakers and attendees from all over the world. Creator and CEO of Affinity PRo. A tool that uses artificial intelligence and machine learning to find sites related to a product or service and even allows automation to establish a relationship with these media. Affinity PRo was globally awarded in 2022 as the best digital Pr tool. Creator Expertomy.com. A tool that connects content creators in contact with expert sources to improve the quality of their content and provide veracity for their audience and Google.\",\"sameAs\":[\"https:\/\/sicodeandres.es\",\"https:\/\/www.linkedin.com\/in\/sicodeandres\/\",\"https:\/\/x.com\/sicodeandres\"],\"url\":\"https:\/\/affinitypro.io\/es\/author\/sicodeandres\/\"}]}<\/script>\n<!-- \/ Yoast SEO plugin. -->","yoast_head_json":{"title":"Definir visi\u00f3n, misi\u00f3n y valores para construir una marca - Affinity PRo","description":"Toma las riendas de la narrativa de tu marca.Cada acci\u00f3n, cada mensaje y cada aparici\u00f3n en medios contribuye a construir o distorsionar la percepci\u00f3n de marca.Si t\u00fa no tomas las riendas de tu narrativa, otros lo har\u00e1n por ti.","robots":{"index":"index","follow":"follow","max-snippet":"max-snippet:-1","max-image-preview":"max-image-preview:large","max-video-preview":"max-video-preview:-1"},"canonical":"https:\/\/affinitypro.io\/es\/blog\/vision-mision-construir-marca\/","og_locale":"es_ES","og_type":"article","og_title":"Definir visi\u00f3n, misi\u00f3n y valores para construir una marca - Affinity PRo","og_description":"Toma las riendas de la narrativa de tu marca.Cada acci\u00f3n, cada mensaje y cada aparici\u00f3n en medios contribuye a construir o distorsionar la percepci\u00f3n de marca.Si t\u00fa no tomas las riendas de tu narrativa, otros lo har\u00e1n por ti.","og_url":"https:\/\/affinitypro.io\/es\/blog\/vision-mision-construir-marca\/","og_site_name":"Affinity PRo","article_published_time":"2025-10-31T11:49:50+00:00","article_modified_time":"2025-11-02T05:08:47+00:00","og_image":[{"width":1024,"height":1024,"url":"https:\/\/affinitypro.io\/wp-content\/uploads\/2025\/10\/perceptionbrand.png","type":"image\/png"}],"author":"Sico De Andr\u00e9s","twitter_card":"summary_large_image","twitter_creator":"@sicodeandres","twitter_misc":{"Escrito por":"Sico De Andr\u00e9s","Tiempo de lectura":"9 minutos"},"schema":{"@context":"https:\/\/schema.org","@graph":[{"@type":"Article","@id":"https:\/\/affinitypro.io\/es\/blog\/vision-mision-construir-marca\/#article","isPartOf":{"@id":"https:\/\/affinitypro.io\/es\/blog\/vision-mision-construir-marca\/"},"author":{"name":"Sico De Andr\u00e9s","@id":"https:\/\/affinitypro.io\/#\/schema\/person\/7e9acf55fed915b93ffc3134162fbf57"},"headline":"Alinea tu visi\u00f3n, misi\u00f3n y valores para fortalecer la percepci\u00f3n de marca","datePublished":"2025-10-31T11:49:50+00:00","dateModified":"2025-11-02T05:08:47+00:00","mainEntityOfPage":{"@id":"https:\/\/affinitypro.io\/es\/blog\/vision-mision-construir-marca\/"},"wordCount":1793,"commentCount":0,"publisher":{"@id":"https:\/\/affinitypro.io\/#organization"},"image":{"@id":"https:\/\/affinitypro.io\/es\/blog\/vision-mision-construir-marca\/#primaryimage"},"thumbnailUrl":"https:\/\/affinitypro.io\/wp-content\/uploads\/2025\/10\/perceptionbrand.png","articleSection":["Blog"],"inLanguage":"es","potentialAction":[{"@type":"CommentAction","name":"Comment","target":["https:\/\/affinitypro.io\/es\/blog\/vision-mision-construir-marca\/#respond"]}]},{"@type":"WebPage","@id":"https:\/\/affinitypro.io\/es\/blog\/vision-mision-construir-marca\/","url":"https:\/\/affinitypro.io\/es\/blog\/vision-mision-construir-marca\/","name":"Definir visi\u00f3n, misi\u00f3n y valores para construir una marca - Affinity PRo","isPartOf":{"@id":"https:\/\/affinitypro.io\/#website"},"primaryImageOfPage":{"@id":"https:\/\/affinitypro.io\/es\/blog\/vision-mision-construir-marca\/#primaryimage"},"image":{"@id":"https:\/\/affinitypro.io\/es\/blog\/vision-mision-construir-marca\/#primaryimage"},"thumbnailUrl":"https:\/\/affinitypro.io\/wp-content\/uploads\/2025\/10\/perceptionbrand.png","datePublished":"2025-10-31T11:49:50+00:00","dateModified":"2025-11-02T05:08:47+00:00","description":"Toma las riendas de la narrativa de tu marca.Cada acci\u00f3n, cada mensaje y cada aparici\u00f3n en medios contribuye a construir o distorsionar la percepci\u00f3n de marca.Si t\u00fa no tomas las riendas de tu narrativa, otros lo har\u00e1n por ti.","breadcrumb":{"@id":"https:\/\/affinitypro.io\/es\/blog\/vision-mision-construir-marca\/#breadcrumb"},"inLanguage":"es","potentialAction":[{"@type":"ReadAction","target":["https:\/\/affinitypro.io\/es\/blog\/vision-mision-construir-marca\/"]}]},{"@type":"ImageObject","inLanguage":"es","@id":"https:\/\/affinitypro.io\/es\/blog\/vision-mision-construir-marca\/#primaryimage","url":"https:\/\/affinitypro.io\/wp-content\/uploads\/2025\/10\/perceptionbrand.png","contentUrl":"https:\/\/affinitypro.io\/wp-content\/uploads\/2025\/10\/perceptionbrand.png","width":1024,"height":1024},{"@type":"BreadcrumbList","@id":"https:\/\/affinitypro.io\/es\/blog\/vision-mision-construir-marca\/#breadcrumb","itemListElement":[{"@type":"ListItem","position":1,"name":"Portada","item":"https:\/\/affinitypro.io\/es\/"},{"@type":"ListItem","position":2,"name":"Alinea tu visi\u00f3n, misi\u00f3n y valores para fortalecer la percepci\u00f3n de marca"}]},{"@type":"WebSite","@id":"https:\/\/affinitypro.io\/#website","url":"https:\/\/affinitypro.io\/","name":"Affinity PRo","description":"Ethical Link Building tool | Digital PR tool - LinkAffinity","publisher":{"@id":"https:\/\/affinitypro.io\/#organization"},"potentialAction":[{"@type":"SearchAction","target":{"@type":"EntryPoint","urlTemplate":"https:\/\/affinitypro.io\/?s={search_term_string}"},"query-input":{"@type":"PropertyValueSpecification","valueRequired":true,"valueName":"search_term_string"}}],"inLanguage":"es"},{"@type":"Organization","@id":"https:\/\/affinitypro.io\/#organization","name":"Link Affinity","url":"https:\/\/affinitypro.io\/","logo":{"@type":"ImageObject","inLanguage":"es","@id":"https:\/\/affinitypro.io\/#\/schema\/logo\/image\/","url":"https:\/\/affinitypro.io\/wp-content\/uploads\/2022\/05\/link-affinity-logo-350x100px.png","contentUrl":"https:\/\/affinitypro.io\/wp-content\/uploads\/2022\/05\/link-affinity-logo-350x100px.png","width":350,"height":100,"caption":"Link Affinity"},"image":{"@id":"https:\/\/affinitypro.io\/#\/schema\/logo\/image\/"}},{"@type":"Person","@id":"https:\/\/affinitypro.io\/#\/schema\/person\/7e9acf55fed915b93ffc3134162fbf57","name":"Sico De Andr\u00e9s","image":{"@type":"ImageObject","inLanguage":"es","@id":"https:\/\/affinitypro.io\/#\/schema\/person\/image\/","url":"https:\/\/secure.gravatar.com\/avatar\/fa66aacc122e223df27cc3b08b142751711addaad98528d4ed8a3ba2a380d784?s=96&d=mm&r=g","contentUrl":"https:\/\/secure.gravatar.com\/avatar\/fa66aacc122e223df27cc3b08b142751711addaad98528d4ed8a3ba2a380d784?s=96&d=mm&r=g","caption":"Sico De Andr\u00e9s"},"description":"Sico de Andr\u00e9s es especialista en SEO desde el a\u00f1o 2002. Trabaja para grandes compa\u00f1\u00edas nacionales e Internacionales. CEO en Affinity PRo (FuSEOnPro Tool). Ponente en pr\u00e1cticamente todos los eventos del sector,\u00a0profesor\u00a0en diferentes masters como\u00a0Kskool,\u00a0Webpositer,\u00a0Ntic,\u00a0Enae,\u00a0IEBS\u00a0entre otras.\u00a0Imparte clases en la Universidad Complutense de Madrid\u00a0para t\u00edtulos propios con\u00a0Ntic Master. Autor del libro\u00a0Quiero que mi empresa salga en Google\u00a0(2009) con m\u00e1s de 10.000 ejemplares vendidos en Espa\u00f1a y Latino Am\u00e9rica. Autor del libro\u00a0\u00abPosicionamiento y reputaci\u00f3n en Google a trav\u00e9s de link building \u00e9tico\u00ab(2022) de la editorial Anaya Creador y organizador del evento\u00a0SEonthebeach\u00a0al que asisten ponentes y asistentes de todo el mundo. Creador y CEO en Affinity PRo. Herramienta que utiliza inteligencia artificial y machine Learning para encontrar sitios afines a un producto o servicio y que facilita incluso permite automatizaci\u00f3n para establecer relaci\u00f3n con dichos medios. Affinity PRo fue galardonada en el a\u00f1o 2022 de forma global como mejor herramienta de Pr digital. Creador\u00a0Expertomy.com. Herramienta que pone en contacto a creadores de contenidos con fuentes expertas para mejorar la calidad de estos y aportar veracidad de cara a su p\u00fablico y a Google. ____________ ENG Sico de Andr\u00e9s has been an SEO specialist since 2002. He works for large national and international companies. CEO at Affinity PRo (FuSEOnPro Tool). Speaker at practically all of the major events in the SEO sector, teacher in different masters like Kskool, Webpositer, Ntic, Enae, IEBS among others. He teaches at the Complutense University of Madrid for his own degrees with Ntic Master. Author of the book Quiero que mi empresa salga en Google (2009) with more than 10,000 copies sold in Spain and Latin America. Author of the book \u201cPosicionamiento y reputaci\u00f3n en Google a trav\u00e9s de link building \u00e9tico\u201d (2022) published by Anaya. Creator and organiser of the SEonthebeach event attended by speakers and attendees from all over the world. Creator and CEO of Affinity PRo. A tool that uses artificial intelligence and machine learning to find sites related to a product or service and even allows automation to establish a relationship with these media. Affinity PRo was globally awarded in 2022 as the best digital Pr tool. Creator Expertomy.com. A tool that connects content creators in contact with expert sources to improve the quality of their content and provide veracity for their audience and Google.","sameAs":["https:\/\/sicodeandres.es","https:\/\/www.linkedin.com\/in\/sicodeandres\/","https:\/\/x.com\/sicodeandres"],"url":"https:\/\/affinitypro.io\/es\/author\/sicodeandres\/"}]}},"_links":{"self":[{"href":"https:\/\/affinitypro.io\/es\/wp-json\/wp\/v2\/posts\/29362","targetHints":{"allow":["GET"]}}],"collection":[{"href":"https:\/\/affinitypro.io\/es\/wp-json\/wp\/v2\/posts"}],"about":[{"href":"https:\/\/affinitypro.io\/es\/wp-json\/wp\/v2\/types\/post"}],"author":[{"embeddable":true,"href":"https:\/\/affinitypro.io\/es\/wp-json\/wp\/v2\/users\/4"}],"replies":[{"embeddable":true,"href":"https:\/\/affinitypro.io\/es\/wp-json\/wp\/v2\/comments?post=29362"}],"version-history":[{"count":66,"href":"https:\/\/affinitypro.io\/es\/wp-json\/wp\/v2\/posts\/29362\/revisions"}],"predecessor-version":[{"id":29487,"href":"https:\/\/affinitypro.io\/es\/wp-json\/wp\/v2\/posts\/29362\/revisions\/29487"}],"wp:featuredmedia":[{"embeddable":true,"href":"https:\/\/affinitypro.io\/es\/wp-json\/wp\/v2\/media\/29421"}],"wp:attachment":[{"href":"https:\/\/affinitypro.io\/es\/wp-json\/wp\/v2\/media?parent=29362"}],"wp:term":[{"taxonomy":"category","embeddable":true,"href":"https:\/\/affinitypro.io\/es\/wp-json\/wp\/v2\/categories?post=29362"},{"taxonomy":"post_tag","embeddable":true,"href":"https:\/\/affinitypro.io\/es\/wp-json\/wp\/v2\/tags?post=29362"}],"curies":[{"name":"wp","href":"https:\/\/api.w.org\/{rel}","templated":true}]}}